{"id":451,"date":"2017-03-29T22:00:55","date_gmt":"2017-03-29T22:00:55","guid":{"rendered":"http:\/\/www.freenekane.ch\/?p=451"},"modified":"2017-04-07T18:58:22","modified_gmt":"2017-04-07T18:58:22","slug":"internationaler-freenekane-aktionstag-am-6-april-2017","status":"publish","type":"post","link":"http:\/\/www.freenekane.ch\/fr\/internationaler-freenekane-aktionstag-am-6-april-2017\/","title":{"rendered":"journ\u00e9e nationale d\u2019actions pour Nekane le 6. April 2017"},"content":{"rendered":"<p>Appel genevois pour la journ\u00e9e nationale d\u2019actions pour Nekane<\/p>\n<p><a href=\"https:\/\/www.facebook.com\/events\/1459505574081615\/\">Facebook<\/a><\/p>\n<p>Nekane Txapartegi est une militante f\u00e9ministe basque accus\u00e9e par le gouvernement espagnol d\u2019avoir collabor\u00e9 avec l\u2019ETA : elle aurait fourni des faux passeports et particip\u00e9 \u00e0 une rencontre &#8220;non-autoris\u00e9e&#8221; \u00e0 Paris avec des militantEs de l\u2019organisation basque. En 1999, Nekane est arr\u00eat\u00e9e au Pays basque espagnol. D<span class=\"text_exposed_show\">urant cinq jours, elle sera d\u00e9tenue \u00e0 l\u2019isolement, tortur\u00e9e et viol\u00e9e par des agents de la Guardia civil, la police militaire espagnole.<br \/>\nEn 2008, elle est condamn\u00e9e \u00e0 6 ans et 9 mois de prison. La condamnation se fonde presque exclusivement sur les \u00ab aveux \u00bb que Nekane aurait exprim\u00e9s sous la torture, ce qui ne semble gu\u00e8re poser probl\u00e8me au Tribunal. Avant de conna\u00eetre le jugement, Nekane a pris la fuite et depuis 6 ans, elle habite \u00e0 Z\u00fcrich o\u00f9 elle a continu\u00e9 \u00e0 vivre sa vie, accompagn\u00e9e de sa fille.<\/span><\/p>\n<div class=\"text_exposed_show\">\n<p>Le 6 avril 2016, Nekane Txapartegi a \u00e9t\u00e9 arr\u00eat\u00e9e \u00e0 Zurich par la police suisse suite \u00e0 une demande d\u2019extradition de l\u2019Espagne. Depuis, elle est en d\u00e9tention. Le vendredi le 24 mars, la Conf\u00e9d\u00e9ration a annonc\u00e9 que l\u2019Office f\u00e9d\u00e9ral de la justice a autoris\u00e9 l\u2019extradition de Nekane vers l\u2019Etat tortionnaire de l\u2019Espagne. De plus, la demande d\u2019asile a \u00e9t\u00e9 refus\u00e9e par le Secr\u00e9tariat d\u2019Etat aux migrations. Des recours contre les deux d\u00e9cisions sont lanc\u00e9s.<br \/>\nNekane reste forte et lutte. Pour l\u2019anniversaire de sa d\u00e9tention, faisons monter la pression sur la justice suisse! Solidaires contre la torture et les violence sexuelles! Montrons notre d\u00e9saccord sur cette scandaleuse d\u00e9cision de premi\u00e8re instance!<br \/>\nRendez-vous jeudi 6 avril 18h \u00e0 Place Neuve pour une marche bruyante et visible!<\/p>\n<p>Amenez des banderoles! Amenez vos casseroles!<br \/>\nNON A L\u2019EXTRADITION! LIBERTE POUR NEKANE!<\/p>\n<\/div>\n<p><\/p>","protected":false},"excerpt":{"rendered":"<p>D\u00e9sol\u00e9, cet article est seulement disponible en Allemand.<\/p>\n","protected":false},"author":1,"featured_media":526,"comment_status":"closed","ping_status":"closed","sticky":false,"template":"","format":"standard","meta":{"ngg_post_thumbnail":0},"categories":[5,9,3,7,10],"tags":[],"_links":{"self":[{"href":"http:\/\/www.freenekane.ch\/fr\/wp-json\/wp\/v2\/posts\/451"}],"collection":[{"href":"http:\/\/www.freenekane.ch\/fr\/wp-json\/wp\/v2\/posts"}],"about":[{"href":"http:\/\/www.freenekane.ch\/fr\/wp-json\/wp\/v2\/types\/post"}],"author":[{"embeddable":true,"href":"http:\/\/www.freenekane.ch\/fr\/wp-json\/wp\/v2\/users\/1"}],"replies":[{"embeddable":true,"href":"http:\/\/www.freenekane.ch\/fr\/wp-json\/wp\/v2\/comments?post=451"}],"version-history":[{"count":18,"href":"http:\/\/www.freenekane.ch\/fr\/wp-json\/wp\/v2\/posts\/451\/revisions"}],"predecessor-version":[{"id":667,"href":"http:\/\/www.freenekane.ch\/fr\/wp-json\/wp\/v2\/posts\/451\/revisions\/667"}],"wp:featuredmedia":[{"embeddable":true,"href":"http:\/\/www.freenekane.ch\/fr\/wp-json\/wp\/v2\/media\/526"}],"wp:attachment":[{"href":"http:\/\/www.freenekane.ch\/fr\/wp-json\/wp\/v2\/media?parent=451"}],"wp:term":[{"taxonomy":"category","embeddable":true,"href":"http:\/\/www.freenekane.ch\/fr\/wp-json\/wp\/v2\/categories?post=451"},{"taxonomy":"post_tag","embeddable":true,"href":"http:\/\/www.freenekane.ch\/fr\/wp-json\/wp\/v2\/tags?post=451"}],"curies":[{"name":"wp","href":"https:\/\/api.w.org\/{rel}","templated":true}]}}